{"id":1001,"date":"2020-01-09T22:53:28","date_gmt":"2020-01-09T21:53:28","guid":{"rendered":"https:\/\/opinieekonomiczne.pl\/?p=1001"},"modified":"2020-01-09T22:53:28","modified_gmt":"2020-01-09T21:53:28","slug":"porownywanie-cen-w-sklepach-sieci-lidl-w-polsce-i-w-wielkiej-brytanii-konsumencki-populizm","status":"publish","type":"post","link":"https:\/\/opinieekonomiczne.pl\/index.php\/2020\/01\/09\/porownywanie-cen-w-sklepach-sieci-lidl-w-polsce-i-w-wielkiej-brytanii-konsumencki-populizm\/","title":{"rendered":"Por\u00f3wnywanie cen w sklepach sieci Lidl w Polsce i w Wielkiej Brytanii. Konsumencki populizm."},"content":{"rendered":"<p style=\"text-align: justify;\">Od czasu do czasu w mediach przelatuje temat r\u00f3\u017cnicy cen, a raczej jej rzekomego braku, mi\u0119dzy Polsk\u0105 a innym krajem Europy Zachodniej, w kt\u00f3rym dana sieci\u00f3wka ma swoje sklepy. <strong>Tym razem oberwa\u0142o si\u0119 Lidlowi<\/strong>. Jeden z naszych rodak\u00f3w zrobi\u0142 zakupy w sklepie sieci Lidl w Wielkiej Brytanii i w Polsce. Wg Pana Damiana, kt\u00f3ry dokona\u0142 por\u00f3wnania, ceny praktycznie s\u0105 niemal identyczne. Wysz\u0142o wr\u0119cz, \u017ce grupa wyselekcjonowanych towar\u00f3w okaza\u0142a si\u0119 marginalnie ta\u0144sza ni\u017c w Polsce. (wi\u0119cej wiadomo\u015bci o akcji Pana Damiana w za\u0142\u0105czonym na ko\u0144cu linku).<\/p>\n<p style=\"text-align: justify;\">Tego typu akcje odbijaj\u0105 si\u0119 szerokim echem w mediach spo\u0142eczno\u015bciowych. Oczywi\u015bcie w opiniach pod tego typu rewelacjami, rodacy wyra\u017caj\u0105 oburzenie, poczucie bycie wyzyskiwanymi i inne traumatyczne emocje. <strong>Pozwalam sobie na nutk\u0119 kpin, bo eksperyment Pana Damiana, jest po prostu populistyczny i z rzeteln\u0105 analiz\u0105 ma niewiele wsp\u00f3lnego<\/strong>.<\/p>\n<p style=\"text-align: justify;\">Od czasu do czasu wczytuj\u0119 si\u0119 w tego typu rewelacje i wi\u0119kszo\u015b\u0107 z nich jest w pewnym stopniu spreparowana. Autorzy rewelacji odpowiednio dobieraj\u0105 \u2018pr\u00f3bk\u0119 badawcz\u0105\u2019 lub sprytnie formu\u0142uj\u0105 przekaz by zyska\u0107 aplauz czytelnik\u00f3w. Nic tak nie nakr\u0119ca popularno\u015bci jak wzbudzenie negatywnych emocji u rodak\u00f3w. \u2018Rewelacje\u2019 Pana Damiana nie odbiegaj\u0105 daleko od tego schematu.<\/p>\n<p style=\"text-align: justify;\">Celem Pana Damiana by\u0142o wskazanie, \u017ce sie\u0107 Lidl podejmuje niemoralne praktyki rynkowe w sklepach zlokalizowanych w Polsce. Grzechem ma by\u0107 sprzeda\u017c wyrob\u00f3w spo\u017cywczych za te same ceny w Polsce i w Wielkiej Brytanii. Ni mniej ni wi\u0119cej, Polacy s\u0105 wyzyskiwani przez Lidla. Czy na pewno i, ewentualnie, co z tego? Dlaczego mia\u0142oby to mnie razi\u0107 i niepokoi\u0107?<\/p>\n<p style=\"text-align: justify;\">Pan Damian wybra\u0142 zestaw produkt\u00f3w spo\u017cywczych (patrz: za\u0142\u0105czony link), raczej ma\u0142o reprezentatywnych nawet jak na t\u0105 grup\u0119 towar\u00f3w. Podejrzewam, \u017ce spaghetti dla niemowl\u0105t jest tak samo popularne w Polsce jak mleko kokosowe J . No ale obydwa te produktu maj\u0105 t\u0105 zalet\u0119, \u017ce nadaj\u0105 si\u0119 pod kreowan\u0105 tez\u0119.<\/p>\n<p style=\"text-align: justify;\">Niestety opr\u00f3cz og\u00f3lnej nazwy i gramatury, nie znamy sk\u0142adu i producenta. Nie mo\u017cemy oceni\u0107 wp\u0142ywu podatk\u00f3w (g\u0142\u00f3wnie VAT), a to do\u015b\u0107 istotny czynnik, bo poszczeg\u00f3lne kraje istotnie r\u00f3\u017cni\u0105 si\u0119 opodatkowaniem \u017cywno\u015bci. Warto pami\u0119ta\u0107, \u017ce podatek VAT w Polsce ma wyj\u0105tkowo du\u017ce znaczenie dla bud\u017cetu i pod wzgl\u0119dem struktury wp\u0142yw\u00f3w podatkowych istotnie si\u0119 od Wielkiej Brytanii r\u00f3\u017cnimy. Eksperyment Pana Damiana polega\u0142 na por\u00f3wnaniu siedemnastu wyselekcjonowanych produkt\u00f3w. Nic nie wiemy o cenach setek pozosta\u0142ych w Lidlu w Polsce i Wielkiej Brytanii. Nie zobaczyli\u015bmy na przyk\u0142ad por\u00f3wnania ca\u0142ej oferty makaron\u00f3w lub czekolad. A szkoda, bo w moim lokalnym Lidlu jest ich do\u015b\u0107 przyzwoity wyb\u00f3r. Itd. itd.<\/p>\n<p style=\"text-align: justify;\"><strong>A co je\u017celi Lidl praktykuje wyzysk Polak\u00f3w (klient\u00f3w)? Nic, bo ka\u017cdy podmiot ma prawo<\/strong> (poza okre\u015blonymi ustawowo produktami i us\u0142ugami) <strong>do w\u0142asnej polityki cenowej i\u00a0 nie widz\u0119 w tym \u017cadnej sensacji<\/strong>. Reszt\u0119 za\u0142atwia konkurencja, a ta w handlu spo\u017cywczym jest ogromna. Je\u017celi wi\u0119c rzekome rewelacje dot. polityki cenowej Lidla kogo\u015b zabola\u0142y, to proponuj\u0119 zrezygnowa\u0107 z zakup\u00f3w w sklepach tej sieci i wybra\u0107 inn\u0105.<\/p>\n<p style=\"text-align: justify;\"><a href=\"https:\/\/www.polishexpress.co.uk\/zakupy-w-polskim-lidlu-kontra-zakupy-w-brytyjskim-lidu-gdzie-jest-drozej\">https:\/\/www.polishexpress.co.uk\/zakupy-w-polskim-lidlu-kontra-zakupy-w-brytyjskim-lidu-gdzie-jest-drozej<\/a><\/p>\n","protected":false},"excerpt":{"rendered":"<p>Od czasu do czasu w mediach przelatuje temat r\u00f3\u017cnicy cen, a raczej jej rzekomego braku, mi\u0119dzy Polsk\u0105 a innym krajem Europy Zachodniej, w kt\u00f3rym dana sieci\u00f3wka ma swoje sklepy. Tym razem oberwa\u0142o si\u0119 Lidlowi. Jeden z naszych rodak\u00f3w zrobi\u0142 zakupy &hellip; <a href=\"https:\/\/opinieekonomiczne.pl\/index.php\/2020\/01\/09\/porownywanie-cen-w-sklepach-sieci-lidl-w-polsce-i-w-wielkiej-brytanii-konsumencki-populizm\/\">Czytaj dalej <span class=\"meta-nav\">&rarr;<\/span><\/a><\/p>\n","protected":false},"author":1,"featured_media":0,"comment_status":"open","ping_status":"open","sticky":false,"template":"","format":"standard","meta":[],"categories":[19],"tags":[],"_links":{"self":[{"href":"https:\/\/opinieekonomiczne.pl\/index.php\/wp-json\/wp\/v2\/posts\/1001"}],"collection":[{"href":"https:\/\/opinieekonomiczne.pl\/index.php\/wp-json\/wp\/v2\/posts"}],"about":[{"href":"https:\/\/opinieekonomiczne.pl\/index.php\/wp-json\/wp\/v2\/types\/post"}],"author":[{"embeddable":true,"href":"https:\/\/opinieekonomiczne.pl\/index.php\/wp-json\/wp\/v2\/users\/1"}],"replies":[{"embeddable":true,"href":"https:\/\/opinieekonomiczne.pl\/index.php\/wp-json\/wp\/v2\/comments?post=1001"}],"version-history":[{"count":1,"href":"https:\/\/opinieekonomiczne.pl\/index.php\/wp-json\/wp\/v2\/posts\/1001\/revisions"}],"predecessor-version":[{"id":1002,"href":"https:\/\/opinieekonomiczne.pl\/index.php\/wp-json\/wp\/v2\/posts\/1001\/revisions\/1002"}],"wp:attachment":[{"href":"https:\/\/opinieekonomiczne.pl\/index.php\/wp-json\/wp\/v2\/media?parent=1001"}],"wp:term":[{"taxonomy":"category","embeddable":true,"href":"https:\/\/opinieekonomiczne.pl\/index.php\/wp-json\/wp\/v2\/categories?post=1001"},{"taxonomy":"post_tag","embeddable":true,"href":"https:\/\/opinieekonomiczne.pl\/index.php\/wp-json\/wp\/v2\/tags?post=1001"}],"curies":[{"name":"wp","href":"https:\/\/api.w.org\/{rel}","templated":true}]}}