{"id":119,"date":"2017-05-15T23:50:00","date_gmt":"2017-05-15T21:50:00","guid":{"rendered":"https:\/\/opinieekonomiczne.pl\/index.php\/2017\/05\/15\/prezydent-dal-sie-zaskoczyc-pytaniem-o-euro\/"},"modified":"2017-05-15T23:50:00","modified_gmt":"2017-05-15T21:50:00","slug":"prezydent-dal-sie-zaskoczyc-pytaniem-o-euro","status":"publish","type":"post","link":"https:\/\/opinieekonomiczne.pl\/index.php\/2017\/05\/15\/prezydent-dal-sie-zaskoczyc-pytaniem-o-euro\/","title":{"rendered":"Prezydent da\u0142 si\u0119 zaskoczy\u0107 pytaniem o euro."},"content":{"rendered":"<p style=\"text-align: justify;\"><img class=\"img--center\" src=\"resources\/2017_05_15_Konstytucja_Art_227.png\" alt=\"2017_05_15_Konstytucja_Art_227\" width=\"427\" \/><\/p>\n<p style=\"text-align: justify;\">Na konferencji prasowej z udzia\u0142em prezydenta \u0141otwy, prezydenta A.Dud\u0119 zapytano o ewentualne przyj\u0119cie euro. Pytanie uzasadniano m.in. d\u0105\u017ceniem Francji i Niemiec do wzmocnienia strefy euro. Pytanie dziennikarzy dotyczy\u0142o te\u017c ewentualnego przygotowania konstytucji pod zmian\u0119 waluty. Temat nie jest przypadkowy, bo mamy jeszcze w pami\u0119ci niedawne wypowiedzi kandydata na prezydenta Francji. E.Macron do\u015b\u0107 ostro potraktowa\u0142 w nich nasz kraj i prowadzon\u0105 przez obecny rz\u0105d polityk\u0119 integracji (czy raczej dezintegracji) z UE. Pad\u0142a wtedy te\u017c z ust przysz\u0142ego prezydenta Francji deklaracja o koncentrowaniu si\u0119 na wzmacnianiu strefy euro.<\/p>\n<p style=\"text-align: justify;\">Odpowiedzi naszego prezydenta wskazuj\u0105, \u017ce on sam oraz jego doradcy nie przerobili tego tematu dok\u0142adnie. To troch\u0119 dziwne, bo ca\u0142kiem niedawno o przyj\u0119ciu euro wypowiada\u0142 si\u0119 J.Kaczy\u0144ski i M.Morawiecki. Ostre wypowiedzi E.Macrona te\u017c powinny by\u0142y sk\u0142oni\u0107 eksperckie zaplecze prezydenta do przygotowania go do podj\u0119cia tematu euro, by nie da\u0107 si\u0119 zaskakiwa\u0107 dziennikarzom.<\/p>\n<p style=\"text-align: justify;\">Chyba tylko przez s\u0142owo konstytucja zawarte w pytaniu dziennikarzy, prezydent odruchowo zaproponowa\u0142 by pytanie dot. przyj\u0119cia euro wprowadzi\u0107 do pakietu pyta\u0144 w referendum konstytucyjnym. Pytanie tylko, jaki to ma sens? W konstytucji nikt powa\u017cny nie umie\u015bci s\u0142owa &lsquo;euro&rsquo;. Prawnicy zwracaj\u0105 jedynie uwag\u0119, \u017ce modyfikacji musi ulec 227 Art. naszej Konstytucji, poniewa\u017c jego obecne brzmienie blokuje przyj\u0119cie euro, m.in. przez zapis o zadaniach NBP.<\/p>\n<p style=\"text-align: justify;\">Ewentualne pytanie o euro troch\u0119 nie ma sensu i z tego wzgl\u0119du, \u017ce lider PiS oraz cz\u0142onkowie rz\u0105du w marcu zaznaczyli, \u017ce&nbsp; pozostanie przy w\u0142asnej walucie jest dla nas korzystne, i przyj\u0119cie euro to bardzo odleg\u0142a perspektywa. Na przyk\u0142ad dla M.Morawieckiego taka perspektywa to 10-20 lat. Prezes PiS nie poda\u0142 tak dok\u0142adnych ram czasowych, ale z podanych przez niego warunk\u00f3w (np. zbli\u017cenie si\u0119 do poziomu \u017cycia bogatszej cz\u0119\u015b\u0107 kraj\u00f3w UE) mog\u0142o wynika\u0107, \u017ce jest to perspektywa jeszcze bardziej odleg\u0142a. W takiej sytuacji jakakolwiek odpowied\u017a Polak\u00f3w w referendum mo\u017ce politykom przysporzy\u0107 problem\u00f3w. Oczywi\u015bcie wiele b\u0119dzie zale\u017ca\u0142o od brzmienia pytania. Podsumowuj\u0105c, politycy PiS w swojej agendzie nie maj\u0105 kwestii euro i, mo\u017cna odnie\u015b\u0107 takie wra\u017cenie, nie s\u0105 zainteresowani wci\u0105ganiem euro pod publiczn\u0105 dyskusj\u0119 z wielu powod\u00f3w,&nbsp; w tym i podanego poni\u017cej. Zupe\u0142nie innym problemem dla obecnego rz\u0105du i PiS jest nasza polityka wobec, zaznaczmy &nbsp;ze ewentualnej,&nbsp;szybszej integracji w ramach strefy euro.<\/p>\n<p style=\"text-align: justify;\">Nie mo\u017cna wykluczy\u0107 sytuacji, \u017ce w najbli\u017cszych latach kraje strefy euro przyspiesz\u0105 integracj\u0119,&nbsp; a my pozostaniemy biernymi obserwatorami procesu. Je\u017celi na to na\u0142o\u017c\u0105 si\u0119 niekorzystne dla nas zmiany geopolityczne poza UE, to mo\u017ce si\u0119 nagle okaza\u0107, \u017ce zmieniamy zdanie. St\u0105d te\u017c pomys\u0142 z referendalnym pytaniem jest nietrafiony, bo mo\u017ce odebra\u0107 politykom PiS inicjatyw\u0119 i moderowanie dyskusji w kwestii euro.<\/p>\n<p style=\"text-align: justify;\">Odpowied\u017a obywateli w referendum jak to zwykle bywa, zale\u017cy od zadanego pytania. Przepraszam, ale nie mam przekonania, \u017ce prezydent Duda i politycy PiS dochowaj\u0105 najwy\u017cszej staranno\u015bci, by pytanie pozwoli\u0142o pozna\u0107 pogl\u0105dy Polak\u00f3w, a nie zamierzenia polityk\u00f3w PiS poprzez odpowiednio (tendencyjnie) sformu\u0142owane pytanie. Przykro mi przypomnie\u0107, ale prezydent Duda w swojej kampanii wyborczej pozwoli\u0142o sobie na manipulowanie opini\u0105 publiczn\u0105 w temacie euro. Mam si\u0119 uzasadnione obawy, czy teraz dochowa stosownej rzetelno\u015bci.<\/p>\n<p style=\"text-align: justify;\"><a href=\"http:\/\/opinieekonomiczne.blox.pl\/2015\/04\/Euro-oznacza-biede-jak-sugeruje-ADuda-Wplyw.html\">http:\/\/opinieekonomiczne.blox.pl\/2015\/04\/Euro-oznacza-biede-jak-sugeruje-ADuda-Wplyw.html<\/a><\/p>\n<p style=\"text-align: justify;\">Moje w\u0105tpliwo\u015bci potwierdza wypowied\u017a prezydenta, \u017ce referendum pozwoli na uzyskanie odpowiedzi na pytanie, czy Polacy chc\u0105 mie\u0107 w konstytucji zapis o polskim z\u0142otym, czy zezwolenie na przyj\u0119cie innej, obcej, waluty. Problem w tym, \u017ce zapis o polskim z\u0142otym nie ma sensu, bo przyst\u0119puj\u0105c do UE zdecydowali\u015bmy o przyj\u0119ciu euro, ale bez podania daty zamiany waluty. Ponadto, wspomniane wcze\u015bniej wypowiedzi czo\u0142owych polityk\u00f3w PiS jednoznacznie wskazywa\u0142y, \u017ce gdzie\u015b kiedy\u015b euro przyjmiemy. Nie ma przy tym znaczenia czy opinie odzwierciedla\u0142y rzeczywiste pogl\u0105dy polityk\u00f3w PiS, czy by\u0142y jedynie medialn\u0105 zagrywk\u0105.<\/p>\n<p style=\"text-align: justify;\">Obawiam si\u0119, \u017ce prezydent nie ma jednoznacznego zdania ws euro i polityki Polski wobec ewentualnego pog\u0142\u0119biania integracji kraj\u00f3w strefy euro. A to \u017ale, bo temat mo\u017ce si\u0119 coraz cz\u0119\u015bciej pojawia\u0107 w politycznych debatach na arenie krajowej i zagranicznej. Prezydent pochodzi z obozu politycznego, kt\u00f3ry jest przeciwko g\u0142\u0119bszej integracji strefy euro, szczeg\u00f3lnie je\u015bli mia\u0142aby si\u0119 ona odbywa\u0107 kosztem marginalizacji w UE pa\u0144stw spoza strefy euro, w tym Polski.<\/p>\n","protected":false},"excerpt":{"rendered":"<p style=\"text-align: ... <a href=\"https:\/\/opinieekonomiczne.pl\/index.php\/2017\/05\/15\/prezydent-dal-sie-zaskoczyc-pytaniem-o-euro\/\">Czytaj dalej <span class=\"meta-nav\">&rarr;<\/span><\/a><\/p>\n","protected":false},"author":1,"featured_media":0,"comment_status":"open","ping_status":"open","sticky":false,"template":"","format":"standard","meta":[],"categories":[19],"tags":[],"_links":{"self":[{"href":"https:\/\/opinieekonomiczne.pl\/index.php\/wp-json\/wp\/v2\/posts\/119"}],"collection":[{"href":"https:\/\/opinieekonomiczne.pl\/index.php\/wp-json\/wp\/v2\/posts"}],"about":[{"href":"https:\/\/opinieekonomiczne.pl\/index.php\/wp-json\/wp\/v2\/types\/post"}],"author":[{"embeddable":true,"href":"https:\/\/opinieekonomiczne.pl\/index.php\/wp-json\/wp\/v2\/users\/1"}],"replies":[{"embeddable":true,"href":"https:\/\/opinieekonomiczne.pl\/index.php\/wp-json\/wp\/v2\/comments?post=119"}],"version-history":[{"count":0,"href":"https:\/\/opinieekonomiczne.pl\/index.php\/wp-json\/wp\/v2\/posts\/119\/revisions"}],"wp:attachment":[{"href":"https:\/\/opinieekonomiczne.pl\/index.php\/wp-json\/wp\/v2\/media?parent=119"}],"wp:term":[{"taxonomy":"category","embeddable":true,"href":"https:\/\/opinieekonomiczne.pl\/index.php\/wp-json\/wp\/v2\/categories?post=119"},{"taxonomy":"post_tag","embeddable":true,"href":"https:\/\/opinieekonomiczne.pl\/index.php\/wp-json\/wp\/v2\/tags?post=119"}],"curies":[{"name":"wp","href":"https:\/\/api.w.org\/{rel}","templated":true}]}}